{"id":45,"date":"2023-01-11T18:09:17","date_gmt":"2023-01-11T17:09:17","guid":{"rendered":"https:\/\/fournif.cluster029.hosting.ovh.net\/?p=45"},"modified":"2023-11-26T14:39:16","modified_gmt":"2023-11-26T13:39:16","slug":"article2","status":"publish","type":"post","link":"https:\/\/fournil-festinalente.fr\/index.php\/2023\/01\/11\/article2\/","title":{"rendered":"Boulanger ? Quelle dr\u00f4le d&#8217;id\u00e9e !"},"content":{"rendered":"<blockquote><p><strong>On me demande souvent : <\/strong>pourquoi avoir choisi le m\u00e9tier de boulanger pour une reconversion professionnelle ?<\/p><\/blockquote>\n<p>Je n&#8217;avais jamais essay\u00e9 de faire du pain auparavant, je n&#8217;avais jamais \u00e9lev\u00e9 un levain, je n&#8217;ai pas une passion refoul\u00e9 depuis l&#8217;enfance pour la boulangerie .<\/p>\n<p>Mon choix \u00e9tait double, \u00e0 la fois philosophique et manuel : je voulais exercer un m\u00e9tier ou le temps serait un \u00e9l\u00e9ment essentiel et non une variable d&#8217;ajustement, et le faire avec mes mains.<br \/>\nEn effet dans mon ancien m\u00e9tier de graphiste, le temps de travail pour la r\u00e9alisation d&#8217;un logo ou d&#8217;une affiche \u00e9tait un \u00e9l\u00e9ment arbitraire qui \u00e9tait d\u00e9fini par d&#8217;autres personnes. Ce temps n&#8217;avait pas r\u00e9ellement de valeur, il pouvait \u00eatre r\u00e9duit suivant le volume de travail. La cr\u00e9ation devait \u00eatre quantifiable pour \u00eatre optimis\u00e9. J&#8217;avais l\u2019impression de ne pas aller au bout des choses. Je n&#8217;\u00e9tait pas fier des r\u00e9sultats.<br \/>\nA l&#8217;origine le m\u00e9tier de graphiste \u00e9tait un m\u00e9tier autant manuel qu&#8217;intellectuel, mais l&#8217;informatique l&#8217;a compl\u00e8tement d\u00e9sincarn\u00e9, sa mise au service du marketing lui a d\u00e9finitivement fait perdre ses lettres de noblesse. Je ne me retrouvais plus dans mon m\u00e9tier, celui que j&#8217;avais appris, aim\u00e9 et pratiqu\u00e9 \u00e0 mes d\u00e9buts.<br \/>\nBref il devenait imp\u00e9ratif pour moi de r\u00e9-utiliser mes mains, de faire et de prendre le temps de faire avec le temps.<\/p>\n<p>Apr\u00e8s r\u00e9flexion, je me suis dit que le mara\u00eechage et la boulange \u00e9taient deux options ou le temps \u00e9tait incompressible. Il faut une dur\u00e9e donn\u00e9e pour que le plant de tomate produise des tomates mures et il faut un temps donn\u00e9 pour que la p\u00e2te du pain fermente. N&#8217;ayant pas la main verte, je me suis tourn\u00e9 vers la boulangerie.<\/p>\n<p>J&#8217;ai d\u00e9couvert par la suite que l&#8217;homme mobilisait toute son intelligence pour pouvoir r\u00e9duire les temps de fermentation du pain de la m\u00eame mani\u00e8re qu&#8217;il fait pousser les tomates hors-sol pour optimiser la production.<\/p>\n<blockquote><p><strong>Le temps ne respecte pas ce qui se fait sans lui.<\/strong><br \/>\nL&#8217;homme press\u00e9 (1941) &#8211; Paul Morand<\/p><\/blockquote>\n<p>J&#8217;ai alors choisi de travailler sans machine, p\u00e9trir le pain \u00e0 la main, le cuire au four \u00e0 bois et surtout travailler avec le temps en le laissant faire son \u0153uvre.<\/p>\n<p>Voil\u00e0 pourquoi j&#8217;ai choisi le m\u00e9tier de boulanger pour ma reconversion professionnelle, par na\u00efvet\u00e9 et par conviction.<\/p>\n<p>&nbsp;<\/p>\n<p>Vincent<\/p>\n","protected":false},"excerpt":{"rendered":"<p>On me demande souvent : pourquoi avoir choisi le m\u00e9tier de boulanger pour une reconversion professionnelle ? Je n&#8217;avais jamais essay\u00e9 de faire du pain auparavant, je n&#8217;avais jamais \u00e9lev\u00e9 un levain, je n&#8217;ai pas une passion refoul\u00e9 depuis l&#8217;enfance pour la boulangerie . Mon choix \u00e9tait double, \u00e0 la [&hellip;]<\/p>\n","protected":false},"author":1,"featured_media":380,"comment_status":"closed","ping_status":"closed","sticky":false,"template":"","format":"standard","meta":{"_themeisle_gutenberg_block_has_review":false,"footnotes":""},"categories":[1],"tags":[],"class_list":["post-45","post","type-post","status-publish","format-standard","has-post-thumbnail","hentry","category-en-passant"],"_links":{"self":[{"href":"https:\/\/fournil-festinalente.fr\/index.php\/wp-json\/wp\/v2\/posts\/45","targetHints":{"allow":["GET"]}}],"collection":[{"href":"https:\/\/fournil-festinalente.fr\/index.php\/wp-json\/wp\/v2\/posts"}],"about":[{"href":"https:\/\/fournil-festinalente.fr\/index.php\/wp-json\/wp\/v2\/types\/post"}],"author":[{"embeddable":true,"href":"https:\/\/fournil-festinalente.fr\/index.php\/wp-json\/wp\/v2\/users\/1"}],"replies":[{"embeddable":true,"href":"https:\/\/fournil-festinalente.fr\/index.php\/wp-json\/wp\/v2\/comments?post=45"}],"version-history":[{"count":23,"href":"https:\/\/fournil-festinalente.fr\/index.php\/wp-json\/wp\/v2\/posts\/45\/revisions"}],"predecessor-version":[{"id":591,"href":"https:\/\/fournil-festinalente.fr\/index.php\/wp-json\/wp\/v2\/posts\/45\/revisions\/591"}],"wp:featuredmedia":[{"embeddable":true,"href":"https:\/\/fournil-festinalente.fr\/index.php\/wp-json\/wp\/v2\/media\/380"}],"wp:attachment":[{"href":"https:\/\/fournil-festinalente.fr\/index.php\/wp-json\/wp\/v2\/media?parent=45"}],"wp:term":[{"taxonomy":"category","embeddable":true,"href":"https:\/\/fournil-festinalente.fr\/index.php\/wp-json\/wp\/v2\/categories?post=45"},{"taxonomy":"post_tag","embeddable":true,"href":"https:\/\/fournil-festinalente.fr\/index.php\/wp-json\/wp\/v2\/tags?post=45"}],"curies":[{"name":"wp","href":"https:\/\/api.w.org\/{rel}","templated":true}]}}