{"id":390,"date":"2023-01-23T00:37:58","date_gmt":"2023-01-22T23:37:58","guid":{"rendered":"https:\/\/fournil-festinalente.fr\/?p=390"},"modified":"2023-01-31T01:11:38","modified_gmt":"2023-01-31T00:11:38","slug":"quel-bel-oxymore","status":"publish","type":"post","link":"https:\/\/fournil-festinalente.fr\/index.php\/2023\/01\/23\/quel-bel-oxymore\/","title":{"rendered":"Quel bel oxymore !"},"content":{"rendered":"<blockquote><p><strong>&#8220;Festina lente&#8221;<\/strong><\/p><\/blockquote>\n<p>Voil\u00e0 une locution latine qui exprime ce qui est inconcevable, qui cr\u00e9e une nouvelle r\u00e9alit\u00e9 absurde, et pourtant&#8230;<br \/>\n&#8220;H\u00e2te-toi lentement&#8221; (c&#8217;est sa traduction), interroge notre rapport \u00e0 l&#8217;action et au temps. Elle pose ce paradoxe de conjuguer ensemble, la vitesse avec la prudence, le mouvement avec l&#8217;introspection, l&#8217;action avec la patience&#8230;<\/p>\n<p>&#8220;H\u00e2te-toi lentement&#8221; c\u2019est marcher \u00e0 la fois avec rapidit\u00e9 vers le but que l\u2019on veut atteindre et avec une prudente r\u00e9serve pour ne pas compromettre le r\u00e9sultat auquel on aspire.<br \/>\n&#8220;H\u00e2te-toi lentement&#8221; c\u2019est se d\u00e9placer \u00e0 la fois avec vivacit\u00e9 dans l&#8217;espace qui nous entoure tout en restant centr\u00e9 sur son moi profond.<br \/>\n&#8220;H\u00e2te-toi lentement&#8221; c\u2019est \u00e0 la fois r\u00e9aliser son \u0153uvre avec assiduit\u00e9 tout en la remaniant encore et encore pour qu&#8217;elle prenne forme doucement.<\/p>\n<p>&nbsp;<\/p>\n<blockquote><p><strong><span class=\"cit\">H\u00e2tez-vous lentement et sans perdre courage ;<br \/>\nVingt fois sur le m\u00e9tier, remettez votre ouvrage\u00a0;<br \/>\nPolissez-le sans cesse et le repolissez.<\/span><\/strong><\/p>\n<p>Nicolas Boileau, Art po\u00e9tique<\/p><\/blockquote>\n<p>&nbsp;<\/p>\n<p>C&#8217;est l\u00e0 toute la d\u00e9marche que je met en pratique quotidiennement dans la fabrication du pain. Quoi de plus normal de nommer mon fournil &#8220;Festina lente&#8221;<\/p>\n<p>Vincent<\/p>\n<table>\n<tbody>\n<tr>\n<td><\/td>\n<\/tr>\n<\/tbody>\n<\/table>\n<p>&nbsp;<\/p>\n","protected":false},"excerpt":{"rendered":"<p>&#8220;Festina lente&#8221; Voil\u00e0 une locution latine qui exprime ce qui est inconcevable, qui cr\u00e9e une nouvelle r\u00e9alit\u00e9 absurde, et pourtant&#8230; &#8220;H\u00e2te-toi lentement&#8221; (c&#8217;est sa traduction), interroge notre rapport \u00e0 l&#8217;action et au temps. Elle pose ce paradoxe de conjuguer ensemble, la vitesse avec la prudence, le mouvement avec l&#8217;introspection, l&#8217;action [&hellip;]<\/p>\n","protected":false},"author":1,"featured_media":391,"comment_status":"closed","ping_status":"closed","sticky":false,"template":"","format":"standard","meta":{"_themeisle_gutenberg_block_has_review":false,"footnotes":""},"categories":[1],"tags":[],"class_list":["post-390","post","type-post","status-publish","format-standard","has-post-thumbnail","hentry","category-en-passant"],"_links":{"self":[{"href":"https:\/\/fournil-festinalente.fr\/index.php\/wp-json\/wp\/v2\/posts\/390","targetHints":{"allow":["GET"]}}],"collection":[{"href":"https:\/\/fournil-festinalente.fr\/index.php\/wp-json\/wp\/v2\/posts"}],"about":[{"href":"https:\/\/fournil-festinalente.fr\/index.php\/wp-json\/wp\/v2\/types\/post"}],"author":[{"embeddable":true,"href":"https:\/\/fournil-festinalente.fr\/index.php\/wp-json\/wp\/v2\/users\/1"}],"replies":[{"embeddable":true,"href":"https:\/\/fournil-festinalente.fr\/index.php\/wp-json\/wp\/v2\/comments?post=390"}],"version-history":[{"count":21,"href":"https:\/\/fournil-festinalente.fr\/index.php\/wp-json\/wp\/v2\/posts\/390\/revisions"}],"predecessor-version":[{"id":567,"href":"https:\/\/fournil-festinalente.fr\/index.php\/wp-json\/wp\/v2\/posts\/390\/revisions\/567"}],"wp:featuredmedia":[{"embeddable":true,"href":"https:\/\/fournil-festinalente.fr\/index.php\/wp-json\/wp\/v2\/media\/391"}],"wp:attachment":[{"href":"https:\/\/fournil-festinalente.fr\/index.php\/wp-json\/wp\/v2\/media?parent=390"}],"wp:term":[{"taxonomy":"category","embeddable":true,"href":"https:\/\/fournil-festinalente.fr\/index.php\/wp-json\/wp\/v2\/categories?post=390"},{"taxonomy":"post_tag","embeddable":true,"href":"https:\/\/fournil-festinalente.fr\/index.php\/wp-json\/wp\/v2\/tags?post=390"}],"curies":[{"name":"wp","href":"https:\/\/api.w.org\/{rel}","templated":true}]}}